{"id":888,"date":"2022-05-01T12:48:49","date_gmt":"2022-05-01T11:48:49","guid":{"rendered":"http:\/\/hees11.de\/?p=888"},"modified":"2022-05-01T12:50:25","modified_gmt":"2022-05-01T11:50:25","slug":"tag-der-arbeit-auch-in-sued-tirol-ein-feiertag-%e2%98%ba%ef%b8%8f","status":"publish","type":"post","link":"http:\/\/hees11.de\/?p=888","title":{"rendered":"&#8222;Tag der Arbeit&#8220;&#8230; auch in S\u00fcd Tirol ein Feiertag &#x263a;&#xfe0f;"},"content":{"rendered":"\n<p><\/p>\n\n\n\n<p>Nat\u00fcrlich wieder ausgeschlafen. Ist ja nicht wie sonst, wenn ich &#8222;nur&#8220; meistens 1ne Wochen hier bin und jeder Tag voll durchgeplant ist mit vielen H\u00f6henmetern und Tagestouren. &#x1f604; Der 1. Blick aus&#8217;m Fenster zeigt mir aber: ups &#x1f648;Neuschnee. Mit der Sonne ist aber auf der Wiese gegen\u00fcber schnell wieder alles weg. Da ab Mittag es sich nochmal zuziehen soll gilt es, den sch\u00f6nen Vormittag zu genie\u00dfen. Also, kleine Runde wieder ins Langental rein, das ist mit wenigen H\u00f6henmeter noch am besten laufbar. <\/p>\n\n\n\n<figure class=\"wp-block-image size-large\"><img loading=\"lazy\" decoding=\"async\" width=\"1024\" height=\"771\" src=\"http:\/\/hees11.de\/wp-content\/uploads\/2022\/05\/pxl_20220501_0716479408735270793287101791-1024x771.jpg\" alt=\"\" class=\"wp-image-884\" srcset=\"http:\/\/hees11.de\/wp-content\/uploads\/2022\/05\/pxl_20220501_0716479408735270793287101791-1024x771.jpg 1024w, http:\/\/hees11.de\/wp-content\/uploads\/2022\/05\/pxl_20220501_0716479408735270793287101791-300x226.jpg 300w, http:\/\/hees11.de\/wp-content\/uploads\/2022\/05\/pxl_20220501_0716479408735270793287101791-768x578.jpg 768w, http:\/\/hees11.de\/wp-content\/uploads\/2022\/05\/pxl_20220501_0716479408735270793287101791-1536x1157.jpg 1536w, http:\/\/hees11.de\/wp-content\/uploads\/2022\/05\/pxl_20220501_0716479408735270793287101791-624x470.jpg 624w, http:\/\/hees11.de\/wp-content\/uploads\/2022\/05\/pxl_20220501_0716479408735270793287101791.jpg 2000w\" sizes=\"auto, (max-width: 1024px) 100vw, 1024px\" \/><\/figure>\n\n\n\n<figure class=\"wp-block-image\"><img loading=\"lazy\" decoding=\"async\" width=\"1506\" height=\"2000\" src=\"http:\/\/hees11.de\/wp-content\/uploads\/2022\/05\/pxl_20220501_0843347683988428995334230757.jpg\" alt=\"\" class=\"wp-image-887\" srcset=\"http:\/\/hees11.de\/wp-content\/uploads\/2022\/05\/pxl_20220501_0843347683988428995334230757.jpg 1506w, http:\/\/hees11.de\/wp-content\/uploads\/2022\/05\/pxl_20220501_0843347683988428995334230757-226x300.jpg 226w, http:\/\/hees11.de\/wp-content\/uploads\/2022\/05\/pxl_20220501_0843347683988428995334230757-771x1024.jpg 771w, http:\/\/hees11.de\/wp-content\/uploads\/2022\/05\/pxl_20220501_0843347683988428995334230757-768x1020.jpg 768w, http:\/\/hees11.de\/wp-content\/uploads\/2022\/05\/pxl_20220501_0843347683988428995334230757-1157x1536.jpg 1157w, http:\/\/hees11.de\/wp-content\/uploads\/2022\/05\/pxl_20220501_0843347683988428995334230757-624x829.jpg 624w\" sizes=\"auto, (max-width: 1506px) 100vw, 1506px\" \/><figcaption>Dieser stolze Kerl steht zu Beginn des Langental&#8217;s<\/figcaption><\/figure>\n\n\n\n<figure class=\"wp-block-image\"><img loading=\"lazy\" decoding=\"async\" width=\"2000\" height=\"1506\" src=\"http:\/\/hees11.de\/wp-content\/uploads\/2022\/05\/pxl_20220501_0905372573251232679699960661.jpg\" alt=\"\" class=\"wp-image-885\" srcset=\"http:\/\/hees11.de\/wp-content\/uploads\/2022\/05\/pxl_20220501_0905372573251232679699960661.jpg 2000w, http:\/\/hees11.de\/wp-content\/uploads\/2022\/05\/pxl_20220501_0905372573251232679699960661-300x226.jpg 300w, http:\/\/hees11.de\/wp-content\/uploads\/2022\/05\/pxl_20220501_0905372573251232679699960661-1024x771.jpg 1024w, http:\/\/hees11.de\/wp-content\/uploads\/2022\/05\/pxl_20220501_0905372573251232679699960661-768x578.jpg 768w, http:\/\/hees11.de\/wp-content\/uploads\/2022\/05\/pxl_20220501_0905372573251232679699960661-1536x1157.jpg 1536w, http:\/\/hees11.de\/wp-content\/uploads\/2022\/05\/pxl_20220501_0905372573251232679699960661-624x470.jpg 624w\" sizes=\"auto, (max-width: 2000px) 100vw, 2000px\" \/><\/figure>\n\n\n\n<figure class=\"wp-block-image\"><img loading=\"lazy\" decoding=\"async\" width=\"2000\" height=\"1506\" src=\"http:\/\/hees11.de\/wp-content\/uploads\/2022\/05\/pxl_20220501_0913123992128977125890333937.jpg\" alt=\"\" class=\"wp-image-886\" srcset=\"http:\/\/hees11.de\/wp-content\/uploads\/2022\/05\/pxl_20220501_0913123992128977125890333937.jpg 2000w, http:\/\/hees11.de\/wp-content\/uploads\/2022\/05\/pxl_20220501_0913123992128977125890333937-300x226.jpg 300w, http:\/\/hees11.de\/wp-content\/uploads\/2022\/05\/pxl_20220501_0913123992128977125890333937-1024x771.jpg 1024w, http:\/\/hees11.de\/wp-content\/uploads\/2022\/05\/pxl_20220501_0913123992128977125890333937-768x578.jpg 768w, http:\/\/hees11.de\/wp-content\/uploads\/2022\/05\/pxl_20220501_0913123992128977125890333937-1536x1157.jpg 1536w, http:\/\/hees11.de\/wp-content\/uploads\/2022\/05\/pxl_20220501_0913123992128977125890333937-624x470.jpg 624w\" sizes=\"auto, (max-width: 2000px) 100vw, 2000px\" \/><figcaption>Heute war hier noch niemand&#8230; ich genie\u00dfe einfach nur die Ruhe und die Sch\u00f6nheit der Natur<\/figcaption><\/figure>\n","protected":false},"excerpt":{"rendered":"<p>Nat\u00fcrlich wieder ausgeschlafen. Ist ja nicht wie sonst, wenn ich &#8222;nur&#8220; meistens 1ne Wochen hier bin und jeder Tag voll durchgeplant ist mit vielen H\u00f6henmetern und Tagestouren. &#x1f604; Der 1. Blick aus&#8217;m Fenster zeigt mir aber: ups &#x1f648;Neuschnee. Mit der Sonne ist aber auf der Wiese gegen\u00fcber schnell wieder alles weg. Da ab Mittag es [&hellip;]<\/p>\n","protected":false},"author":2,"featured_media":0,"comment_status":"open","ping_status":"open","sticky":false,"template":"","format":"standard","meta":{"footnotes":""},"categories":[1],"tags":[],"class_list":["post-888","post","type-post","status-publish","format-standard","hentry","category-uncategorized"],"_links":{"self":[{"href":"http:\/\/hees11.de\/index.php?rest_route=\/wp\/v2\/posts\/888","targetHints":{"allow":["GET"]}}],"collection":[{"href":"http:\/\/hees11.de\/index.php?rest_route=\/wp\/v2\/posts"}],"about":[{"href":"http:\/\/hees11.de\/index.php?rest_route=\/wp\/v2\/types\/post"}],"author":[{"embeddable":true,"href":"http:\/\/hees11.de\/index.php?rest_route=\/wp\/v2\/users\/2"}],"replies":[{"embeddable":true,"href":"http:\/\/hees11.de\/index.php?rest_route=%2Fwp%2Fv2%2Fcomments&post=888"}],"version-history":[{"count":1,"href":"http:\/\/hees11.de\/index.php?rest_route=\/wp\/v2\/posts\/888\/revisions"}],"predecessor-version":[{"id":889,"href":"http:\/\/hees11.de\/index.php?rest_route=\/wp\/v2\/posts\/888\/revisions\/889"}],"wp:attachment":[{"href":"http:\/\/hees11.de\/index.php?rest_route=%2Fwp%2Fv2%2Fmedia&parent=888"}],"wp:term":[{"taxonomy":"category","embeddable":true,"href":"http:\/\/hees11.de\/index.php?rest_route=%2Fwp%2Fv2%2Fcategories&post=888"},{"taxonomy":"post_tag","embeddable":true,"href":"http:\/\/hees11.de\/index.php?rest_route=%2Fwp%2Fv2%2Ftags&post=888"}],"curies":[{"name":"wp","href":"https:\/\/api.w.org\/{rel}","templated":true}]}}