{"id":676,"date":"2017-07-27T21:46:46","date_gmt":"2017-07-27T20:46:46","guid":{"rendered":"http:\/\/hees11.de\/?p=676"},"modified":"2017-07-29T12:56:04","modified_gmt":"2017-07-29T11:56:04","slug":"super-klettertag","status":"publish","type":"post","link":"http:\/\/hees11.de\/?p=676","title":{"rendered":"Super Klettertag"},"content":{"rendered":"<p>Heute war ein Traumtag &#x1f60e;<\/p>\n<p><a href=\"http:\/\/hees11.de\/wp-content\/uploads\/2017\/07\/wp-image-654977421.jpg\"><img loading=\"lazy\" decoding=\"async\" src=\"http:\/\/hees11.de\/wp-content\/uploads\/2017\/07\/wp-image-654977421.jpg\" alt=\"\" class=\"wp-image-673 alignnone size-full\" width=\"2000\" height=\"1125\"><\/a><\/p>\n<p><a href=\"http:\/\/hees11.de\/wp-content\/uploads\/2017\/07\/wp-image-50913289.jpg\"><img loading=\"lazy\" decoding=\"async\" src=\"http:\/\/hees11.de\/wp-content\/uploads\/2017\/07\/wp-image-50913289.jpg\" alt=\"\" class=\"wp-image-674 alignnone size-full\" width=\"1280\" height=\"720\"><\/a>&#8230;erst ne kleine Runde heut Vormittag von der Campinoi aus gelaufen, dann um 13 Uhr ab dem Gr\u00f6dner Pass Richtung Klettersteig &#8218;Pisciad\u00f9&#8216; gestartet.<\/p>\n<p><a href=\"http:\/\/hees11.de\/wp-content\/uploads\/2017\/07\/wp-image-980000694.jpg\"><img loading=\"lazy\" decoding=\"async\" src=\"http:\/\/hees11.de\/wp-content\/uploads\/2017\/07\/wp-image-980000694.jpg\" alt=\"\" class=\"wp-image-678 alignnone size-full\" width=\"2000\" height=\"1125\"><\/a><\/p>\n<p>Dieser Steig war schon ne gute Nr. Schwerer&#8230;.aber wirklich ein richtig tolles Erlebnis, auf diesem Weg hoch auf die Sella zu krackseln.&nbsp;<\/p>\n<p><a href=\"http:\/\/hees11.de\/wp-content\/uploads\/2017\/07\/wp-image-1106906714.jpg\"><img loading=\"lazy\" decoding=\"async\" src=\"http:\/\/hees11.de\/wp-content\/uploads\/2017\/07\/wp-image-1106906714.jpg\" alt=\"\" class=\"wp-image-679 alignnone size-full\" width=\"2000\" height=\"1125\"><\/a><\/p>\n<p><a href=\"http:\/\/hees11.de\/wp-content\/uploads\/2017\/07\/wp-image-676662773.jpg\"><img loading=\"lazy\" decoding=\"async\" src=\"http:\/\/hees11.de\/wp-content\/uploads\/2017\/07\/wp-image-676662773.jpg\" alt=\"\" class=\"wp-image-680 alignnone size-full\" width=\"2000\" height=\"1125\"><\/a><\/p>\n<p><a href=\"http:\/\/hees11.de\/wp-content\/uploads\/2017\/07\/wp-image-1526063858.jpg\"><img loading=\"lazy\" decoding=\"async\" src=\"http:\/\/hees11.de\/wp-content\/uploads\/2017\/07\/wp-image-1526063858.jpg\" alt=\"\" class=\"wp-image-681 alignnone size-full\" width=\"1280\" height=\"720\"><\/a><\/p>\n<p><a href=\"http:\/\/hees11.de\/wp-content\/uploads\/2017\/07\/wp-image-963713993.jpg\"><img loading=\"lazy\" decoding=\"async\" src=\"http:\/\/hees11.de\/wp-content\/uploads\/2017\/07\/wp-image-963713993.jpg\" alt=\"\" class=\"wp-image-685 alignnone size-full\" width=\"2000\" height=\"1125\"><\/a><\/p>\n<p>Kurze Pause in der Pisciad\u00f9 H\u00fctte, runter ging es durch das Val Setus, ein sehr anspruchsvoller schneller, steiler Abstieg zur\u00fcck zum Gr\u00f6dner Pass.<\/p>\n<p><a href=\"http:\/\/hees11.de\/wp-content\/uploads\/2017\/07\/wp-image-874211262.jpg\"><img loading=\"lazy\" decoding=\"async\" src=\"http:\/\/hees11.de\/wp-content\/uploads\/2017\/07\/wp-image-874211262.jpg\" alt=\"\" class=\"wp-image-683 alignnone size-full\" width=\"2000\" height=\"1125\"><\/a><\/p>\n<p><a href=\"http:\/\/hees11.de\/wp-content\/uploads\/2017\/07\/wp-image-1099200697.jpg\"><img loading=\"lazy\" decoding=\"async\" src=\"http:\/\/hees11.de\/wp-content\/uploads\/2017\/07\/wp-image-1099200697.jpg\" alt=\"\" class=\"wp-image-686 alignnone size-full\" width=\"2000\" height=\"1125\"><\/a><\/p>\n<p>Kurzerhand entwickelte sich noch ein kl. Wettkampf zwischen Andre sowie Patrick und mir.<\/p>\n<p>Andre lief \u00fcber Plan de Gralba &#8211; Patrick und ich \u00fcber die Dantercepies zur\u00fcck nach Wolkenstein&#8230; Wir 2 haben gewonnen &#x1f60e;<\/p>\n","protected":false},"excerpt":{"rendered":"<p>Heute war ein Traumtag &#x1f60e; &#8230;erst ne kleine Runde heut Vormittag von der Campinoi aus gelaufen, dann um 13 Uhr ab dem Gr\u00f6dner Pass Richtung Klettersteig &#8218;Pisciad\u00f9&#8216; gestartet. Dieser Steig war schon ne gute Nr. Schwerer&#8230;.aber wirklich ein richtig tolles Erlebnis, auf diesem Weg hoch auf die Sella zu krackseln.&nbsp; Kurze Pause in der Pisciad\u00f9 [&hellip;]<\/p>\n","protected":false},"author":2,"featured_media":0,"comment_status":"open","ping_status":"open","sticky":false,"template":"","format":"standard","meta":{"footnotes":""},"categories":[1],"tags":[],"class_list":["post-676","post","type-post","status-publish","format-standard","hentry","category-uncategorized"],"_links":{"self":[{"href":"http:\/\/hees11.de\/index.php?rest_route=\/wp\/v2\/posts\/676","targetHints":{"allow":["GET"]}}],"collection":[{"href":"http:\/\/hees11.de\/index.php?rest_route=\/wp\/v2\/posts"}],"about":[{"href":"http:\/\/hees11.de\/index.php?rest_route=\/wp\/v2\/types\/post"}],"author":[{"embeddable":true,"href":"http:\/\/hees11.de\/index.php?rest_route=\/wp\/v2\/users\/2"}],"replies":[{"embeddable":true,"href":"http:\/\/hees11.de\/index.php?rest_route=%2Fwp%2Fv2%2Fcomments&post=676"}],"version-history":[{"count":4,"href":"http:\/\/hees11.de\/index.php?rest_route=\/wp\/v2\/posts\/676\/revisions"}],"predecessor-version":[{"id":687,"href":"http:\/\/hees11.de\/index.php?rest_route=\/wp\/v2\/posts\/676\/revisions\/687"}],"wp:attachment":[{"href":"http:\/\/hees11.de\/index.php?rest_route=%2Fwp%2Fv2%2Fmedia&parent=676"}],"wp:term":[{"taxonomy":"category","embeddable":true,"href":"http:\/\/hees11.de\/index.php?rest_route=%2Fwp%2Fv2%2Fcategories&post=676"},{"taxonomy":"post_tag","embeddable":true,"href":"http:\/\/hees11.de\/index.php?rest_route=%2Fwp%2Fv2%2Ftags&post=676"}],"curies":[{"name":"wp","href":"https:\/\/api.w.org\/{rel}","templated":true}]}}