{"id":624,"date":"2017-07-23T22:16:29","date_gmt":"2017-07-23T21:16:29","guid":{"rendered":"http:\/\/hees11.de\/?p=624"},"modified":"2017-07-26T15:48:56","modified_gmt":"2017-07-26T14:48:56","slug":"heute-mal-ne-gemuetliche-wanderung-ueber-die-seceda","status":"publish","type":"post","link":"http:\/\/hees11.de\/?p=624","title":{"rendered":"Heute mal ne gem\u00fctliche Wanderung \u00fcber die Seceda\u00a0"},"content":{"rendered":"<p>Ziel Wolkenstein erreicht &#8211; somit haben wir heute mol etwas ausgeschlafen und den Tag friedlich starten lassen und ausgiebig gefr\u00fchst\u00fcckt &#8211; mit Blick auf den Langkofel *freu*<\/p>\n<p><a href=\"http:\/\/hees11.de\/wp-content\/uploads\/2017\/07\/wp-image-1258765471.jpg\"><img loading=\"lazy\" decoding=\"async\" src=\"http:\/\/hees11.de\/wp-content\/uploads\/2017\/07\/wp-image-1258765471.jpg\" alt=\"\" class=\"wp-image-618 alignnone size-full\" width=\"2000\" height=\"1125\"><\/a><\/p>\n<p>Auch wenn Patrick seit 9 Tagen darauf wartet, ab heute zu klettern, war er heute morgen direkt einverstanden, einfach gem\u00fctlich mit hoch auf die Seceda zum Bruno zu wandern (knappe 800 HM) und kreuz und quer \u00fcber die Alm wieder runter&#8230;.mit &#8218;kurzem&#8216; Stopp beim Erwin zum Abend. &#x1f60b;<\/p>\n<p><a href=\"http:\/\/hees11.de\/wp-content\/uploads\/2017\/07\/wp-image-388351412.jpg\"><img loading=\"lazy\" decoding=\"async\" src=\"http:\/\/hees11.de\/wp-content\/uploads\/2017\/07\/wp-image-388351412.jpg\" alt=\"\" class=\"wp-image-620 alignnone size-full\" width=\"2000\" height=\"1125\"><\/a><\/p>\n<p><a href=\"http:\/\/hees11.de\/wp-content\/uploads\/2017\/07\/wp-image-1816944696.jpg\"><img loading=\"lazy\" decoding=\"async\" src=\"http:\/\/hees11.de\/wp-content\/uploads\/2017\/07\/wp-image-1816944696.jpg\" alt=\"\" class=\"wp-image-619 alignnone size-full\" width=\"2000\" height=\"1125\"><\/a>l<\/p>\n<p><a href=\"http:\/\/hees11.de\/wp-content\/uploads\/2017\/07\/wp-image-1350987608.jpg\"><img loading=\"lazy\" decoding=\"async\" src=\"http:\/\/hees11.de\/wp-content\/uploads\/2017\/07\/wp-image-1350987608.jpg\" alt=\"\" class=\"wp-image-621 alignnone size-full\" width=\"2000\" height=\"1125\"><\/a><\/p>\n<p>Wenn wir alle 9 Wandertage zusammenrechnen, so kommen wir auf ca. 170km mit guten 10.500 HM&#8230;da darf man heute auch mal faul sein.&nbsp;<\/p>\n<p><a href=\"http:\/\/hees11.de\/wp-content\/uploads\/2017\/07\/wp-image-354418251..jpg\"><img loading=\"lazy\" decoding=\"async\" src=\"http:\/\/hees11.de\/wp-content\/uploads\/2017\/07\/wp-image-354418251..jpg\" alt=\"\" class=\"wp-image-622 alignnone size-full\" width=\"2000\" height=\"1212\"><\/a><\/p>\n<p><a href=\"http:\/\/hees11.de\/wp-content\/uploads\/2017\/07\/wp-image-1710346247.jpg\"><img loading=\"lazy\" decoding=\"async\" src=\"http:\/\/hees11.de\/wp-content\/uploads\/2017\/07\/wp-image-1710346247.jpg\" alt=\"\" class=\"wp-image-623 alignnone size-full\" width=\"2000\" height=\"1125\"><\/a>&#8230;gerade noch drau\u00dfen vor der Morene (unsere Garni) ein Abschluss Bier mit Willi genossen, w\u00e4hrend unsere ganze Rucksack W\u00e4sche mal eine richtige Waschmaschine von Innen genie\u00dft.<br \/>\n&#8230;wenn das Wetter morgen einigerma\u00dfen mitspielt, geht&#8217;s auf den 1. Klettersteig im Langkofel.<\/p>\n","protected":false},"excerpt":{"rendered":"<p>Ziel Wolkenstein erreicht &#8211; somit haben wir heute mol etwas ausgeschlafen und den Tag friedlich starten lassen und ausgiebig gefr\u00fchst\u00fcckt &#8211; mit Blick auf den Langkofel *freu* Auch wenn Patrick seit 9 Tagen darauf wartet, ab heute zu klettern, war er heute morgen direkt einverstanden, einfach gem\u00fctlich mit hoch auf die Seceda zum Bruno zu [&hellip;]<\/p>\n","protected":false},"author":2,"featured_media":0,"comment_status":"open","ping_status":"open","sticky":false,"template":"","format":"standard","meta":{"footnotes":""},"categories":[1],"tags":[],"class_list":["post-624","post","type-post","status-publish","format-standard","hentry","category-uncategorized"],"_links":{"self":[{"href":"http:\/\/hees11.de\/index.php?rest_route=\/wp\/v2\/posts\/624","targetHints":{"allow":["GET"]}}],"collection":[{"href":"http:\/\/hees11.de\/index.php?rest_route=\/wp\/v2\/posts"}],"about":[{"href":"http:\/\/hees11.de\/index.php?rest_route=\/wp\/v2\/types\/post"}],"author":[{"embeddable":true,"href":"http:\/\/hees11.de\/index.php?rest_route=\/wp\/v2\/users\/2"}],"replies":[{"embeddable":true,"href":"http:\/\/hees11.de\/index.php?rest_route=%2Fwp%2Fv2%2Fcomments&post=624"}],"version-history":[{"count":2,"href":"http:\/\/hees11.de\/index.php?rest_route=\/wp\/v2\/posts\/624\/revisions"}],"predecessor-version":[{"id":663,"href":"http:\/\/hees11.de\/index.php?rest_route=\/wp\/v2\/posts\/624\/revisions\/663"}],"wp:attachment":[{"href":"http:\/\/hees11.de\/index.php?rest_route=%2Fwp%2Fv2%2Fmedia&parent=624"}],"wp:term":[{"taxonomy":"category","embeddable":true,"href":"http:\/\/hees11.de\/index.php?rest_route=%2Fwp%2Fv2%2Fcategories&post=624"},{"taxonomy":"post_tag","embeddable":true,"href":"http:\/\/hees11.de\/index.php?rest_route=%2Fwp%2Fv2%2Ftags&post=624"}],"curies":[{"name":"wp","href":"https:\/\/api.w.org\/{rel}","templated":true}]}}