{"id":590,"date":"2017-07-20T21:49:18","date_gmt":"2017-07-20T20:49:18","guid":{"rendered":"http:\/\/hees11.de\/?p=590"},"modified":"2017-07-21T06:20:43","modified_gmt":"2017-07-21T05:20:43","slug":"7-wandertag","status":"publish","type":"post","link":"http:\/\/hees11.de\/?p=590","title":{"rendered":"7. Wandertag"},"content":{"rendered":"<p>&#8230;und wieder tauchte heut Nachmittag pl\u00f6tzlich unser geliebter Langkofel vor uns auf&#8230;und zum Gl\u00fcck auch viel n\u00e4her&#8230;wir haben es bald geschafft bis ins Gr\u00f6dner Tal *freu*.<\/p>\n<p><a href=\"http:\/\/hees11.de\/wp-content\/uploads\/2017\/07\/wp-image-930164205.jpg\"><img loading=\"lazy\" decoding=\"async\" src=\"http:\/\/hees11.de\/wp-content\/uploads\/2017\/07\/wp-image-930164205.jpg\" alt=\"\" class=\"wp-image-584 alignnone size-full\" width=\"2000\" height=\"1125\"><\/a><\/p>\n<p><a href=\"http:\/\/hees11.de\/wp-content\/uploads\/2017\/07\/wp-image-1027994027.jpg\"><img loading=\"lazy\" decoding=\"async\" src=\"http:\/\/hees11.de\/wp-content\/uploads\/2017\/07\/wp-image-1027994027.jpg\" alt=\"\" class=\"wp-image-583 alignnone size-full\" width=\"2000\" height=\"1125\"><\/a><\/p>\n<p>Aber heute haben wir auch entsprechend Gas gegeben, dass wir es auch wirklich bis Samstag Nachmittag schaffen k\u00f6nnen.<\/p>\n<p><a href=\"http:\/\/hees11.de\/wp-content\/uploads\/2017\/07\/wp-image-1973561218.jpg\"><img loading=\"lazy\" decoding=\"async\" src=\"http:\/\/hees11.de\/wp-content\/uploads\/2017\/07\/wp-image-1973561218.jpg\" alt=\"\" class=\"wp-image-586 alignnone size-full\" width=\"2000\" height=\"1125\"><\/a><\/p>\n<p><a href=\"http:\/\/hees11.de\/wp-content\/uploads\/2017\/07\/wp-image-2037381323.jpg\"><img loading=\"lazy\" decoding=\"async\" src=\"http:\/\/hees11.de\/wp-content\/uploads\/2017\/07\/wp-image-2037381323.jpg\" alt=\"\" class=\"wp-image-585 alignnone size-full\" width=\"2000\" height=\"1125\"><\/a><\/p>\n<p>Doch der Weg war wieder recht anspruchsvoll, viele verblockte Wege&#8230;.durch 2 Scharten hoch&#8230;das zog sich ganz sch\u00f6n. Und im Hintergrund zog ein Gewitter auf, immer wieder h\u00f6rten wir es rumpeln, aber es blieb trocken. Endlich waren wir auch \u00fcber die letzte Scharte, da kam das rumpeln n\u00e4her, das Hinweis Schild zur Klausener H\u00fctte zeigte 50min&#8230;also laufen! Naja, mit ca. 13kg auf&#8217;m Buckel l\u00e4uft sich nicht wirklich gut&#8230;die ersten Tropfen &#8211; Mist. Doch schnell den Poncho \u00fcber und am Rucksack die H\u00fclle dr\u00fcber ziehen.<\/p>\n<p>Zu allem \u00dcberfluss sind wir (aus immer noch unerkl\u00e4rlichen Gr\u00fcnden) falsch abgebogen und so halb wieder am Berg hochgelaufen, bis Patrick gestreikt hat&#8230; Er hat die H\u00fctte dann aber erblickt und wir haben uns quer Feld ein an K\u00fchen und Pferden vorbei durchgeschlagen. Kurz nach einsetzen des Regens sa\u00dfen wir restlos durchgeschwitzt, aber von oben trocken, in der Klausener H\u00fctte und warteten ab&#8230;nach ner Stunde sind wir bei strahlendem Sonnenschein weiter.<\/p>\n<p><a href=\"http:\/\/hees11.de\/wp-content\/uploads\/2017\/07\/wp-image-2143780806.jpg\"><img loading=\"lazy\" decoding=\"async\" src=\"http:\/\/hees11.de\/wp-content\/uploads\/2017\/07\/wp-image-2143780806.jpg\" alt=\"\" class=\"wp-image-588 alignnone size-full\" width=\"2000\" height=\"1125\"><\/a><\/p>\n<p><a href=\"http:\/\/hees11.de\/wp-content\/uploads\/2017\/07\/wp-image-910008330.jpg\"><img loading=\"lazy\" decoding=\"async\" src=\"http:\/\/hees11.de\/wp-content\/uploads\/2017\/07\/wp-image-910008330.jpg\" alt=\"\" class=\"wp-image-587 alignnone size-full\" width=\"2000\" height=\"1125\"><\/a><\/p>\n<p>Als wir um 19.30Uhr rum in Verdings (oberhalb Klausen) einliefen, hatten wir 31km zur\u00fcck gelegt, 1150 pos. HM und doppelt so viele negative HM.<\/p>\n<p><a href=\"http:\/\/hees11.de\/wp-content\/uploads\/2017\/07\/wp-image-1734124576.jpg\"><img loading=\"lazy\" decoding=\"async\" src=\"http:\/\/hees11.de\/wp-content\/uploads\/2017\/07\/wp-image-1734124576.jpg\" alt=\"\" class=\"wp-image-589 alignnone size-full\" width=\"2000\" height=\"1125\"><\/a><\/p>\n<p>Das wird uns morgen ganz sch\u00f6n weh tun, in Form von Muskelkater sowie m\u00fcssen wir das ja alles wieder hoch, auf der anderen Seite der Eisack.<\/p>\n<p>Wir sind ganz sch\u00f6n platt, aber nach ner hei\u00dfen Dusche ging es sofort wieder ins Erdgeschoss, denn hier ist eine Pizzaria&#8230;hmmmm, die Vorfreude war gro\u00df &#x1f600;.<\/p>\n<p>Rundum ges\u00e4ttigt wird dies eine gaaaanz friedliche Nacht.<\/p>\n","protected":false},"excerpt":{"rendered":"<p>&#8230;und wieder tauchte heut Nachmittag pl\u00f6tzlich unser geliebter Langkofel vor uns auf&#8230;und zum Gl\u00fcck auch viel n\u00e4her&#8230;wir haben es bald geschafft bis ins Gr\u00f6dner Tal *freu*. Aber heute haben wir auch entsprechend Gas gegeben, dass wir es auch wirklich bis Samstag Nachmittag schaffen k\u00f6nnen. Doch der Weg war wieder recht anspruchsvoll, viele verblockte Wege&#8230;.durch 2 [&hellip;]<\/p>\n","protected":false},"author":2,"featured_media":0,"comment_status":"open","ping_status":"open","sticky":false,"template":"","format":"standard","meta":{"footnotes":""},"categories":[1],"tags":[],"class_list":["post-590","post","type-post","status-publish","format-standard","hentry","category-uncategorized"],"_links":{"self":[{"href":"http:\/\/hees11.de\/index.php?rest_route=\/wp\/v2\/posts\/590","targetHints":{"allow":["GET"]}}],"collection":[{"href":"http:\/\/hees11.de\/index.php?rest_route=\/wp\/v2\/posts"}],"about":[{"href":"http:\/\/hees11.de\/index.php?rest_route=\/wp\/v2\/types\/post"}],"author":[{"embeddable":true,"href":"http:\/\/hees11.de\/index.php?rest_route=\/wp\/v2\/users\/2"}],"replies":[{"embeddable":true,"href":"http:\/\/hees11.de\/index.php?rest_route=%2Fwp%2Fv2%2Fcomments&post=590"}],"version-history":[{"count":2,"href":"http:\/\/hees11.de\/index.php?rest_route=\/wp\/v2\/posts\/590\/revisions"}],"predecessor-version":[{"id":592,"href":"http:\/\/hees11.de\/index.php?rest_route=\/wp\/v2\/posts\/590\/revisions\/592"}],"wp:attachment":[{"href":"http:\/\/hees11.de\/index.php?rest_route=%2Fwp%2Fv2%2Fmedia&parent=590"}],"wp:term":[{"taxonomy":"category","embeddable":true,"href":"http:\/\/hees11.de\/index.php?rest_route=%2Fwp%2Fv2%2Fcategories&post=590"},{"taxonomy":"post_tag","embeddable":true,"href":"http:\/\/hees11.de\/index.php?rest_route=%2Fwp%2Fv2%2Ftags&post=590"}],"curies":[{"name":"wp","href":"https:\/\/api.w.org\/{rel}","templated":true}]}}