{"id":486,"date":"2015-08-14T16:53:43","date_gmt":"2015-08-14T15:53:43","guid":{"rendered":"http:\/\/hees11.de\/?p=486"},"modified":"2015-08-14T20:02:20","modified_gmt":"2015-08-14T19:02:20","slug":"crital-dore","status":"publish","type":"post","link":"http:\/\/hees11.de\/?p=486","title":{"rendered":"Cristal d&#8217;Or"},"content":{"rendered":"<p>Daaaaaaa ist SIE, die hei\u00dfbegehrte Wandernadel&#8230;. &#8218;feierlich&#8216; an Patrick und Andre &#8211; von Karoline \u00fcberreicht. Die Freude ist gro\u00df!!!<br \/>\nUnd zu der goldenen Wandernadel mit Cristal, gab es noch einen weiteren &#8222;G&#8220; (Gr\u00f6den) Anstecker sowie einen tollen Herz-Schl\u00fcsselanh\u00e4nger&#8230;.nat\u00fcrlich auch mit &#8222;Val Gardena&#8220;<br \/>\nJetzt k\u00f6nnen wir beruhigt Heim fahren&#8230;. Unser gro\u00dfes Ziel haben wir stre\u00dffrei erreicht, konnten noch klettern gehen, haben vorhin bei Erwin zum Abschlu\u00df noch einen Kaiserschmarrn verdr\u00fcckt&#8230;. Alles Gut!!!!<br \/>\n&#8230;.es wird hier zudem Regnen ab morgen&#8230;. So wird uns der Abschied etwas erleichtert&#8230;.<\/p>\n<p><a href=\"http:\/\/hees11.de\/wp-content\/uploads\/2015\/08\/2015-08-14-6564_11.jpg\"><img loading=\"lazy\" decoding=\"async\" class=\"alignnone  wp-image-489\" src=\"http:\/\/hees11.de\/wp-content\/uploads\/2015\/08\/2015-08-14-6564_11-300x169.jpg\" alt=\"2015-08-14-6564_1.jpg\" width=\"467\" height=\"263\" srcset=\"http:\/\/hees11.de\/wp-content\/uploads\/2015\/08\/2015-08-14-6564_11-300x169.jpg 300w, http:\/\/hees11.de\/wp-content\/uploads\/2015\/08\/2015-08-14-6564_11-624x351.jpg 624w, http:\/\/hees11.de\/wp-content\/uploads\/2015\/08\/2015-08-14-6564_11.jpg 968w\" sizes=\"auto, (max-width: 467px) 100vw, 467px\" \/><\/a><br \/>\n<a href=\"http:\/\/hees11.de\/wp-content\/uploads\/2015\/08\/2015-08-14-6565_1.jpg\"><img loading=\"lazy\" decoding=\"async\" class=\"alignnone  wp-image-493\" src=\"http:\/\/hees11.de\/wp-content\/uploads\/2015\/08\/2015-08-14-6565_1-300x168.jpg\" alt=\"2015-08-14-6565_1.jpg\" width=\"468\" height=\"262\" srcset=\"http:\/\/hees11.de\/wp-content\/uploads\/2015\/08\/2015-08-14-6565_1-300x168.jpg 300w, http:\/\/hees11.de\/wp-content\/uploads\/2015\/08\/2015-08-14-6565_1-624x349.jpg 624w, http:\/\/hees11.de\/wp-content\/uploads\/2015\/08\/2015-08-14-6565_1.jpg 936w\" sizes=\"auto, (max-width: 468px) 100vw, 468px\" \/><\/a><br \/>\n<a href=\"http:\/\/hees11.de\/wp-content\/uploads\/2015\/08\/2015-08-14-6566_1.jpg\"><img loading=\"lazy\" decoding=\"async\" class=\"alignnone  wp-image-494\" src=\"http:\/\/hees11.de\/wp-content\/uploads\/2015\/08\/2015-08-14-6566_1-300x168.jpg\" alt=\"2015-08-14-6566_1.jpg\" width=\"470\" height=\"263\" srcset=\"http:\/\/hees11.de\/wp-content\/uploads\/2015\/08\/2015-08-14-6566_1-300x168.jpg 300w, http:\/\/hees11.de\/wp-content\/uploads\/2015\/08\/2015-08-14-6566_1-624x349.jpg 624w, http:\/\/hees11.de\/wp-content\/uploads\/2015\/08\/2015-08-14-6566_1.jpg 872w\" sizes=\"auto, (max-width: 470px) 100vw, 470px\" \/><\/a><br \/>\n<a href=\"http:\/\/hees11.de\/wp-content\/uploads\/2015\/08\/2015-08-14-6568_1.jpg\"><img loading=\"lazy\" decoding=\"async\" class=\"alignnone  wp-image-495\" src=\"http:\/\/hees11.de\/wp-content\/uploads\/2015\/08\/2015-08-14-6568_1-300x169.jpg\" alt=\"2015-08-14-6568_1.jpg\" width=\"470\" height=\"265\" srcset=\"http:\/\/hees11.de\/wp-content\/uploads\/2015\/08\/2015-08-14-6568_1-300x169.jpg 300w, http:\/\/hees11.de\/wp-content\/uploads\/2015\/08\/2015-08-14-6568_1-1024x576.jpg 1024w, http:\/\/hees11.de\/wp-content\/uploads\/2015\/08\/2015-08-14-6568_1-624x351.jpg 624w, http:\/\/hees11.de\/wp-content\/uploads\/2015\/08\/2015-08-14-6568_1.jpg 1224w\" sizes=\"auto, (max-width: 470px) 100vw, 470px\" \/><\/a><\/p>\n","protected":false},"excerpt":{"rendered":"<p>Daaaaaaa ist SIE, die hei\u00dfbegehrte Wandernadel&#8230;. &#8218;feierlich&#8216; an Patrick und Andre &#8211; von Karoline \u00fcberreicht. Die Freude ist gro\u00df!!! Und zu der goldenen Wandernadel mit Cristal, gab es noch einen weiteren &#8222;G&#8220; (Gr\u00f6den) Anstecker sowie einen tollen Herz-Schl\u00fcsselanh\u00e4nger&#8230;.nat\u00fcrlich auch mit &#8222;Val Gardena&#8220; Jetzt k\u00f6nnen wir beruhigt Heim fahren&#8230;. Unser gro\u00dfes Ziel haben wir stre\u00dffrei erreicht, [&hellip;]<\/p>\n","protected":false},"author":2,"featured_media":0,"comment_status":"open","ping_status":"open","sticky":false,"template":"","format":"standard","meta":{"footnotes":""},"categories":[1],"tags":[],"class_list":["post-486","post","type-post","status-publish","format-standard","hentry","category-uncategorized"],"_links":{"self":[{"href":"http:\/\/hees11.de\/index.php?rest_route=\/wp\/v2\/posts\/486","targetHints":{"allow":["GET"]}}],"collection":[{"href":"http:\/\/hees11.de\/index.php?rest_route=\/wp\/v2\/posts"}],"about":[{"href":"http:\/\/hees11.de\/index.php?rest_route=\/wp\/v2\/types\/post"}],"author":[{"embeddable":true,"href":"http:\/\/hees11.de\/index.php?rest_route=\/wp\/v2\/users\/2"}],"replies":[{"embeddable":true,"href":"http:\/\/hees11.de\/index.php?rest_route=%2Fwp%2Fv2%2Fcomments&post=486"}],"version-history":[{"count":9,"href":"http:\/\/hees11.de\/index.php?rest_route=\/wp\/v2\/posts\/486\/revisions"}],"predecessor-version":[{"id":500,"href":"http:\/\/hees11.de\/index.php?rest_route=\/wp\/v2\/posts\/486\/revisions\/500"}],"wp:attachment":[{"href":"http:\/\/hees11.de\/index.php?rest_route=%2Fwp%2Fv2%2Fmedia&parent=486"}],"wp:term":[{"taxonomy":"category","embeddable":true,"href":"http:\/\/hees11.de\/index.php?rest_route=%2Fwp%2Fv2%2Fcategories&post=486"},{"taxonomy":"post_tag","embeddable":true,"href":"http:\/\/hees11.de\/index.php?rest_route=%2Fwp%2Fv2%2Ftags&post=486"}],"curies":[{"name":"wp","href":"https:\/\/api.w.org\/{rel}","templated":true}]}}