{"id":40,"date":"2013-07-02T22:01:43","date_gmt":"2013-07-02T22:01:43","guid":{"rendered":"http:\/\/hees11.de\/?p=40"},"modified":"2013-07-02T22:04:28","modified_gmt":"2013-07-02T22:04:28","slug":"nur-noch-5-tage-2","status":"publish","type":"post","link":"http:\/\/hees11.de\/?p=40","title":{"rendered":"Nur noch 5 Tage &#8230;"},"content":{"rendered":"<p>Jetzt wird\u00b4s langsam ernst &#8211; noch 5 Tage!!!!!<\/p>\n<div id=\"attachment_26\" style=\"width: 310px\" class=\"wp-caption alignnone\"><a href=\"http:\/\/hees11.de\/wp-content\/uploads\/2013\/07\/2013-07-01-334.jpg\"><img loading=\"lazy\" decoding=\"async\" aria-describedby=\"caption-attachment-26\" src=\"http:\/\/hees11.de\/wp-content\/uploads\/2013\/07\/2013-07-01-334-300x225.jpg\" alt=\"alles dabei?\" width=\"300\" height=\"225\" class=\"size-medium wp-image-26\" \/><\/a><p id=\"caption-attachment-26\" class=\"wp-caption-text\">alles dabei?<\/p><\/div>\n<p>So &#8211; dass werden jetzt unsere treuesten Begleiter f\u00fcr die n\u00e4chsten 2 Wanderwochen. Und DA sollen jetzt all&#8216; unsere Klamotten reinpassen???? Ach herje&#8230;.ich glaub, ich mu\u00df unsere Kleider-Ordnung nochmal \u00fcberdenken!!<\/p>\n<p>Zwei Wandergarnituren f\u00fcr im Wechsel &#8211; 1x m\u00fcffelfreie Garnitur zum Abendessen&#8230;noch ne Weste, noch ne Jacke&#8230; Sonnenh\u00fctchen&#8230;ach ja &#8211; nat\u00fcrlich auch ne Regengarnitur&#8230;<br \/>\nbrauch ich wirklich einen F\u00f6n oder gibt`s den auch auf ner H\u00fctte??? \ud83d\ude09<br \/>\n&#8230;und f\u00fcr den Erste Hilfe Notfall mu\u00df ich ja auch vorbereitet sein&#8230;. Waschutensilien&#8230;. Schlappen f\u00fcr am Abend&#8230;.<\/p>\n<p>Haben wir an alle Eventualit\u00e4ten gedacht?<\/p>\n<p>Nat\u00fcrlich alle Adressen der geplanten Tagestouren f\u00fcr den Mittag sowie f\u00fcr die \u00dcbernachtung&#8230;. ein Plan aller H\u00f6henprofilie pro Tag sowie jede geplante Tagestour auf einem separatem Blatt mit der genauen Wanderroute&#8230;. separater Akku zum Aufladen der Elektronik&#8230;&#8230;. was noch??? Aber&#8230;  mehr geht eh nicht mehr rein!!!<\/p>\n<p>Ach ja &#8211; nat\u00fcrlich unsere Bahn-Tickets &#8211; denn am Sonntag morgen, 07.07. startet ja unser Zug nach Ruhpolding &#8211; Richtung Berge!!!!<\/p>\n<p>Schaffen wir unsere geplanten 12 Tagestouren in den n\u00e4chsten 2 Wochen? Spielt das Wetter mit? Dann h\u00e4tten wir genau eine weitere Woche &#8222;zur Entspannung&#8220; in den wundersch\u00f6nen Dolomiten &#8211; im Gr\u00f6dner Tal.<br \/>\nUnser Abenteuer kann also bald beginnen &#8211; wir sind gespannt!!!<\/p>\n","protected":false},"excerpt":{"rendered":"<p>Jetzt wird\u00b4s langsam ernst &#8211; noch 5 Tage!!!!! So &#8211; dass werden jetzt unsere treuesten Begleiter f\u00fcr die n\u00e4chsten 2 Wanderwochen. Und DA sollen jetzt all&#8216; unsere Klamotten reinpassen???? Ach herje&#8230;.ich glaub, ich mu\u00df unsere Kleider-Ordnung nochmal \u00fcberdenken!! Zwei Wandergarnituren f\u00fcr im Wechsel &#8211; 1x m\u00fcffelfreie Garnitur zum Abendessen&#8230;noch ne Weste, noch ne Jacke&#8230; Sonnenh\u00fctchen&#8230;ach [&hellip;]<\/p>\n","protected":false},"author":2,"featured_media":0,"comment_status":"open","ping_status":"open","sticky":false,"template":"","format":"standard","meta":{"footnotes":""},"categories":[1],"tags":[],"class_list":["post-40","post","type-post","status-publish","format-standard","hentry","category-uncategorized"],"_links":{"self":[{"href":"http:\/\/hees11.de\/index.php?rest_route=\/wp\/v2\/posts\/40","targetHints":{"allow":["GET"]}}],"collection":[{"href":"http:\/\/hees11.de\/index.php?rest_route=\/wp\/v2\/posts"}],"about":[{"href":"http:\/\/hees11.de\/index.php?rest_route=\/wp\/v2\/types\/post"}],"author":[{"embeddable":true,"href":"http:\/\/hees11.de\/index.php?rest_route=\/wp\/v2\/users\/2"}],"replies":[{"embeddable":true,"href":"http:\/\/hees11.de\/index.php?rest_route=%2Fwp%2Fv2%2Fcomments&post=40"}],"version-history":[{"count":2,"href":"http:\/\/hees11.de\/index.php?rest_route=\/wp\/v2\/posts\/40\/revisions"}],"predecessor-version":[{"id":41,"href":"http:\/\/hees11.de\/index.php?rest_route=\/wp\/v2\/posts\/40\/revisions\/41"}],"wp:attachment":[{"href":"http:\/\/hees11.de\/index.php?rest_route=%2Fwp%2Fv2%2Fmedia&parent=40"}],"wp:term":[{"taxonomy":"category","embeddable":true,"href":"http:\/\/hees11.de\/index.php?rest_route=%2Fwp%2Fv2%2Fcategories&post=40"},{"taxonomy":"post_tag","embeddable":true,"href":"http:\/\/hees11.de\/index.php?rest_route=%2Fwp%2Fv2%2Ftags&post=40"}],"curies":[{"name":"wp","href":"https:\/\/api.w.org\/{rel}","templated":true}]}}