{"id":211,"date":"2015-08-01T21:15:32","date_gmt":"2015-08-01T20:15:32","guid":{"rendered":"http:\/\/hees11.de\/?p=211"},"modified":"2015-08-01T21:24:33","modified_gmt":"2015-08-01T20:24:33","slug":"mission-stempelheft","status":"publish","type":"post","link":"http:\/\/hees11.de\/?p=211","title":{"rendered":"Mission &#8222;Stempelheft&#8220; &#8211; Wolkenstein 2015"},"content":{"rendered":"<p>2015 &#8211; Sommerferien&#8230;. Patrick und Andre hatten da mal wieder so eine Idee!!!!<br \/>\n&#8230;also nicht, dass ich diese Idee jetzt als Bestrafung empfand *grins*<\/p>\n<p>Dieses soooo beliebte &#8222;Stempelheft&#8220; im Gr\u00f6dnertal haben wir ja noch bei jedem Besuch hier soweit bestempelt bekommen, dass es noch immer f\u00fcr die Goldene Gr\u00f6dnertal Wandernadel gereicht hat&#8230;.aber es gibt hier doch noch so ein paar abgelegene H\u00fctten, die wir noch gar nicht bereist haben&#8230;und dass soll sich \u00e4ndern!!!<\/p>\n<p>ALLE 63 m\u00f6gliche H\u00fctten wollen sie anlaufen und Ihre Stempel kassieren&#8230;.egal ob es die H\u00fctte mit einem &#8222;Baby-Punkt&#8220;, gleich neben dem Lift ist &#8211; oder aber der Anstieg sich \u00fcber ein paar Stunden bel\u00e4uft&#8230;.also ich bin ja mal echt gespannt!!!!<\/p>\n<div id=\"attachment_213\" style=\"width: 310px\" class=\"wp-caption alignnone\"><a href=\"http:\/\/hees11.de\/wp-content\/uploads\/2015\/08\/2015-08-01-5835.jpg\"><img loading=\"lazy\" decoding=\"async\" aria-describedby=\"caption-attachment-213\" class=\"size-medium wp-image-213\" src=\"http:\/\/hees11.de\/wp-content\/uploads\/2015\/08\/2015-08-01-5835-300x168.jpg\" alt=\"Ankunft oben auf der Seceda\" width=\"300\" height=\"168\" srcset=\"http:\/\/hees11.de\/wp-content\/uploads\/2015\/08\/2015-08-01-5835-300x168.jpg 300w, http:\/\/hees11.de\/wp-content\/uploads\/2015\/08\/2015-08-01-5835-1024x575.jpg 1024w, http:\/\/hees11.de\/wp-content\/uploads\/2015\/08\/2015-08-01-5835-624x350.jpg 624w\" sizes=\"auto, (max-width: 300px) 100vw, 300px\" \/><\/a><p id=\"caption-attachment-213\" class=\"wp-caption-text\">Ankunft oben auf der Seceda<\/p><\/div>\n","protected":false},"excerpt":{"rendered":"<p>2015 &#8211; Sommerferien&#8230;. Patrick und Andre hatten da mal wieder so eine Idee!!!! &#8230;also nicht, dass ich diese Idee jetzt als Bestrafung empfand *grins* Dieses soooo beliebte &#8222;Stempelheft&#8220; im Gr\u00f6dnertal haben wir ja noch bei jedem Besuch hier soweit bestempelt bekommen, dass es noch immer f\u00fcr die Goldene Gr\u00f6dnertal Wandernadel gereicht hat&#8230;.aber es gibt hier [&hellip;]<\/p>\n","protected":false},"author":2,"featured_media":0,"comment_status":"open","ping_status":"open","sticky":false,"template":"","format":"standard","meta":{"footnotes":""},"categories":[1],"tags":[],"class_list":["post-211","post","type-post","status-publish","format-standard","hentry","category-uncategorized"],"_links":{"self":[{"href":"http:\/\/hees11.de\/index.php?rest_route=\/wp\/v2\/posts\/211","targetHints":{"allow":["GET"]}}],"collection":[{"href":"http:\/\/hees11.de\/index.php?rest_route=\/wp\/v2\/posts"}],"about":[{"href":"http:\/\/hees11.de\/index.php?rest_route=\/wp\/v2\/types\/post"}],"author":[{"embeddable":true,"href":"http:\/\/hees11.de\/index.php?rest_route=\/wp\/v2\/users\/2"}],"replies":[{"embeddable":true,"href":"http:\/\/hees11.de\/index.php?rest_route=%2Fwp%2Fv2%2Fcomments&post=211"}],"version-history":[{"count":3,"href":"http:\/\/hees11.de\/index.php?rest_route=\/wp\/v2\/posts\/211\/revisions"}],"predecessor-version":[{"id":216,"href":"http:\/\/hees11.de\/index.php?rest_route=\/wp\/v2\/posts\/211\/revisions\/216"}],"wp:attachment":[{"href":"http:\/\/hees11.de\/index.php?rest_route=%2Fwp%2Fv2%2Fmedia&parent=211"}],"wp:term":[{"taxonomy":"category","embeddable":true,"href":"http:\/\/hees11.de\/index.php?rest_route=%2Fwp%2Fv2%2Fcategories&post=211"},{"taxonomy":"post_tag","embeddable":true,"href":"http:\/\/hees11.de\/index.php?rest_route=%2Fwp%2Fv2%2Ftags&post=211"}],"curies":[{"name":"wp","href":"https:\/\/api.w.org\/{rel}","templated":true}]}}