{"id":150,"date":"2013-07-18T18:29:07","date_gmt":"2013-07-18T17:29:07","guid":{"rendered":"http:\/\/hees11.de\/?p=150"},"modified":"2013-07-18T19:54:47","modified_gmt":"2013-07-18T18:54:47","slug":"tagestour-nr-9-schon","status":"publish","type":"post","link":"http:\/\/hees11.de\/?p=150","title":{"rendered":"Tagestour Nr. 9 schon"},"content":{"rendered":"<p>Heute unsere Tour war zwar lang, aber daf\u00fcr nur wenige Aufstiegsh\u00f6henmeter, es ging viiiiiiel mehr runter. Geplant waren ca. 25km, geschummelt haben davon ca. 1,5-2km. Wir lagen heut suuuuper in der Zeit&#8230;liefen lange am Wasser vorbei bis St. Georgen, da mu\u00dften wir scharf rechts abbiegen mit leichtem Anstieg nach Falzen hoch. Da hinter uns ein leichtes Rumpeln ab u an zu h\u00f6ren war, gingen wir automatisch einen Schritt schneller. Aber in unsere Richtung schien das Wetter noch zu halten, also ab durch den Ort und dem Wanderweg am Waldrand bzw. durch den Wald folgend&#8230;.doch nach 15 min kam das Donnern schneller n\u00e4her wie gedacht und es fing zu tr\u00f6pfeln an. Patrick war diese Situation mit Donnern und Wald \u00fcberhaupt nicht geheuer und so entschieden wir, schnell wieder Berg runter nach St. Georgen eine kleine Tempo Einheit einzulegen, obwohl ich mir dachte, dass es bis zur kleinen Siedlung vor Falzen nicht mehr weit sein konnte. Wir liefen beim 1. Bauer in einen Maschienen Unterstand, hatten grad die Schutzh\u00fcllen \u00fcber die Rucks\u00e4cke gepackt, da h\u00f6rte es auch schon wieder auf. Naaaaaa toll! Aber, wie schwer das Gewitter w\u00fcrde, oder ob es nur die Wanderer kurz \u00e4rgern w\u00fcrde, konnte ja keiner Ahnen. Also, stiegen wir in den gerade ankommenden Bus bei der Kirche, der uns nur mit nach Brunneck nehmen konnte und stiegen beim Busbahnhof in den n\u00e4chstbesten nach Falzen ein. Vermutlich 10 &#8211; 15km Busfahrt, um die 1,5km zwischen dem Wald von St. Georgen nach Falzen zu \u00fcberbr\u00fccken. Aber ein Risiko wollte ich mit den 2 Wander-Helden auch nicht eingehen, da mir bekannt ist, dass Gewitter in den Bergen auch sehr unangenehm sein k\u00f6nnen!<br \/>\nSomit sind wir in Falzen Ortsmitte wieder ausgestiegen, Getr\u00e4nke f\u00fcr morgen eingekauft und die letzten 2-3 km bis zum Laubacher Skitour Hotel Issinger Weiher wieder gelaufen. <\/p>\n<p><a href=\"http:\/\/hees11.de\/wp-content\/uploads\/2013\/07\/2013-07-18-449_1.jpg\"><img decoding=\"async\" width=\"640\" class=\"alignleft\" src=\"http:\/\/hees11.de\/wp-content\/uploads\/2013\/07\/2013-07-18-449_1.jpg?w=640\" \/><\/a><\/p>\n<p>Diese Bar weckt bestimmt die ein- oder andere Erinnerung bei unseren Laubachern Skifahrern&#8230;<\/p>\n","protected":false},"excerpt":{"rendered":"<p>Heute unsere Tour war zwar lang, aber daf\u00fcr nur wenige Aufstiegsh\u00f6henmeter, es ging viiiiiiel mehr runter. Geplant waren ca. 25km, geschummelt haben davon ca. 1,5-2km. Wir lagen heut suuuuper in der Zeit&#8230;liefen lange am Wasser vorbei bis St. Georgen, da mu\u00dften wir scharf rechts abbiegen mit leichtem Anstieg nach Falzen hoch. Da hinter uns ein [&hellip;]<\/p>\n","protected":false},"author":2,"featured_media":0,"comment_status":"open","ping_status":"open","sticky":false,"template":"","format":"standard","meta":{"footnotes":""},"categories":[1],"tags":[],"class_list":["post-150","post","type-post","status-publish","format-standard","hentry","category-uncategorized"],"_links":{"self":[{"href":"http:\/\/hees11.de\/index.php?rest_route=\/wp\/v2\/posts\/150","targetHints":{"allow":["GET"]}}],"collection":[{"href":"http:\/\/hees11.de\/index.php?rest_route=\/wp\/v2\/posts"}],"about":[{"href":"http:\/\/hees11.de\/index.php?rest_route=\/wp\/v2\/types\/post"}],"author":[{"embeddable":true,"href":"http:\/\/hees11.de\/index.php?rest_route=\/wp\/v2\/users\/2"}],"replies":[{"embeddable":true,"href":"http:\/\/hees11.de\/index.php?rest_route=%2Fwp%2Fv2%2Fcomments&post=150"}],"version-history":[{"count":0,"href":"http:\/\/hees11.de\/index.php?rest_route=\/wp\/v2\/posts\/150\/revisions"}],"wp:attachment":[{"href":"http:\/\/hees11.de\/index.php?rest_route=%2Fwp%2Fv2%2Fmedia&parent=150"}],"wp:term":[{"taxonomy":"category","embeddable":true,"href":"http:\/\/hees11.de\/index.php?rest_route=%2Fwp%2Fv2%2Fcategories&post=150"},{"taxonomy":"post_tag","embeddable":true,"href":"http:\/\/hees11.de\/index.php?rest_route=%2Fwp%2Fv2%2Ftags&post=150"}],"curies":[{"name":"wp","href":"https:\/\/api.w.org\/{rel}","templated":true}]}}