{"id":127,"date":"2013-07-15T10:26:28","date_gmt":"2013-07-15T09:26:28","guid":{"rendered":"http:\/\/hees11.de\/?p=127"},"modified":"2013-07-16T07:37:33","modified_gmt":"2013-07-16T06:37:33","slug":"sud-tirol-wir-kommen","status":"publish","type":"post","link":"http:\/\/hees11.de\/?p=127","title":{"rendered":"S\u00fcd Tirol &#8211; wir kommen!!"},"content":{"rendered":"<p>Bei der fr\u00fchen Bettruhe, war auch fr\u00fches Leben im  Tauernhaus&#8230;und Toiletten gibt es offenbar nicht so viele, daher konnte man reges Treiben im Treppenhaus h\u00f6ren.<br \/>\nAuch wir sind fr\u00fch auf und starten gegen 8.30 Uhr und folgen wundersch\u00f6n zuerst dem letzten St\u00fcck Krimmler Achental und dann dem Windbachtal. <\/p>\n<p><a href=\"http:\/\/hees11.de\/wp-content\/uploads\/2013\/07\/2013-07-15-431_1.jpg\"><img decoding=\"async\" width=\"640\" class=\"alignleft\" src=\"http:\/\/hees11.de\/wp-content\/uploads\/2013\/07\/2013-07-15-431_1.jpg?w=640\" \/><\/a><\/p>\n<p>Ein Traum f\u00fcr Wanderer und Mounten Biker!! Aber der 3 L\u00e4nder Weg und die 1100 Aufstiegsh\u00f6henmeter haben es in sich&#8230;<\/p>\n<p><a href=\"http:\/\/hees11.de\/wp-content\/uploads\/2013\/07\/2013-07-15-433_1.jpg\"><img decoding=\"async\" width=\"640\" class=\"alignleft\" src=\"http:\/\/hees11.de\/wp-content\/uploads\/2013\/07\/2013-07-15-433_1.jpg?w=640\" \/><\/a><\/p>\n<p>viele Gummib\u00e4rchen m\u00fcssen Aufbau-Arbeit leisten bis zur Tauern-Passh\u00f6he. <\/p>\n<p><a href=\"http:\/\/hees11.de\/wp-content\/uploads\/2013\/07\/2013-07-15-435_2.jpg\"><img decoding=\"async\" width=\"640\" class=\"alignleft\" src=\"http:\/\/hees11.de\/wp-content\/uploads\/2013\/07\/2013-07-15-435_2.jpg?w=640\" \/><\/a><\/p>\n","protected":false},"excerpt":{"rendered":"<p>Bei der fr\u00fchen Bettruhe, war auch fr\u00fches Leben im Tauernhaus&#8230;und Toiletten gibt es offenbar nicht so viele, daher konnte man reges Treiben im Treppenhaus h\u00f6ren. Auch wir sind fr\u00fch auf und starten gegen 8.30 Uhr und folgen wundersch\u00f6n zuerst dem letzten St\u00fcck Krimmler Achental und dann dem Windbachtal. Ein Traum f\u00fcr Wanderer und Mounten Biker!! [&hellip;]<\/p>\n","protected":false},"author":2,"featured_media":0,"comment_status":"open","ping_status":"open","sticky":false,"template":"","format":"standard","meta":{"footnotes":""},"categories":[1],"tags":[],"class_list":["post-127","post","type-post","status-publish","format-standard","hentry","category-uncategorized"],"_links":{"self":[{"href":"http:\/\/hees11.de\/index.php?rest_route=\/wp\/v2\/posts\/127","targetHints":{"allow":["GET"]}}],"collection":[{"href":"http:\/\/hees11.de\/index.php?rest_route=\/wp\/v2\/posts"}],"about":[{"href":"http:\/\/hees11.de\/index.php?rest_route=\/wp\/v2\/types\/post"}],"author":[{"embeddable":true,"href":"http:\/\/hees11.de\/index.php?rest_route=\/wp\/v2\/users\/2"}],"replies":[{"embeddable":true,"href":"http:\/\/hees11.de\/index.php?rest_route=%2Fwp%2Fv2%2Fcomments&post=127"}],"version-history":[{"count":1,"href":"http:\/\/hees11.de\/index.php?rest_route=\/wp\/v2\/posts\/127\/revisions"}],"predecessor-version":[{"id":133,"href":"http:\/\/hees11.de\/index.php?rest_route=\/wp\/v2\/posts\/127\/revisions\/133"}],"wp:attachment":[{"href":"http:\/\/hees11.de\/index.php?rest_route=%2Fwp%2Fv2%2Fmedia&parent=127"}],"wp:term":[{"taxonomy":"category","embeddable":true,"href":"http:\/\/hees11.de\/index.php?rest_route=%2Fwp%2Fv2%2Fcategories&post=127"},{"taxonomy":"post_tag","embeddable":true,"href":"http:\/\/hees11.de\/index.php?rest_route=%2Fwp%2Fv2%2Ftags&post=127"}],"curies":[{"name":"wp","href":"https:\/\/api.w.org\/{rel}","templated":true}]}}